{"id":832,"date":"2024-06-08T16:38:41","date_gmt":"2024-06-08T16:38:41","guid":{"rendered":"http:\/\/wordpress.solinger-vogelpark.de\/?p=832"},"modified":"2025-12-21T18:00:18","modified_gmt":"2025-12-21T18:00:18","slug":"07-06-2024-eroeffnung-der-neuen-schneeeulenanlage","status":"publish","type":"post","link":"http:\/\/wordpress.solinger-vogelpark.de\/?p=832","title":{"rendered":"07.06.2024 Er\u00f6ffnung der neuen Schneeeulenanlage"},"content":{"rendered":"\n<p>Neues Zuhause f\u00fcr die Schneeeulen<\/p>\n\n\n\n<p>Heute konnten wir die neue Schneeeulenanlage durch den Solinger OB Tim Kurzbach und Bezirksb\u00fcrgermeisterin Gundi H\u00fcbel er\u00f6ffnen. Erm\u00f6glicht wurde der Bau der Anlage durch die gro\u00dfz\u00fcgige Unterst\u00fctzung der Gerd Kaimer B\u00fcrgerstiftung Solingen.<br>Die Stadtwerke Solingen sponserten uns in diesem Rahmen eine Vogelsilhouette bei der man seine \u201eSpannweite\u201c mit der von V\u00f6geln aus dem Vogelpark vergleichen kann.<br>Wir bedanken uns sehr f\u00fcr diese Unterst\u00fctzung durch Stiftung und Stadtwerke.<br>Nat\u00fcrlich gab es auch Kaffee und Kuchen f\u00fcr die G\u00e4ste. Der Kuchen wurde uns freundlicherweise vom B\u00e4cker Sch\u00fcren gespendet.<\/p>\n\n\n\n<p>Wir hoffen darauf, dass, nachdem sich die Eulen eingelebt haben, sich wieder Nachwuchs bei den Schneeeulen einstellt. Noch ist der Hahn sehr jung, aber unsere erfahrene Henne Gerda wird ihm schon zeigen wie der Hase l\u00e4uft.<\/p>\n\n\n\n<figure class=\"wp-block-image size-large\"><img loading=\"lazy\" decoding=\"async\" width=\"1024\" height=\"768\" src=\"http:\/\/wordpress.solinger-vogelpark.de\/wp-content\/uploads\/2024\/06\/img_4024-1024x768.jpg\" class=\"wp-image-830\" srcset=\"http:\/\/wordpress.solinger-vogelpark.de\/wp-content\/uploads\/2024\/06\/img_4024-1024x768.jpg 1024w, http:\/\/wordpress.solinger-vogelpark.de\/wp-content\/uploads\/2024\/06\/img_4024-300x225.jpg 300w, http:\/\/wordpress.solinger-vogelpark.de\/wp-content\/uploads\/2024\/06\/img_4024-768x576.jpg 768w, http:\/\/wordpress.solinger-vogelpark.de\/wp-content\/uploads\/2024\/06\/img_4024-1536x1152.jpg 1536w, http:\/\/wordpress.solinger-vogelpark.de\/wp-content\/uploads\/2024\/06\/img_4024.jpg 2000w\" sizes=\"auto, (max-width: 1024px) 100vw, 1024px\" \/><\/figure>\n\n\n\n<figure class=\"wp-block-image size-large\"><img loading=\"lazy\" decoding=\"async\" width=\"1024\" height=\"768\" src=\"http:\/\/wordpress.solinger-vogelpark.de\/wp-content\/uploads\/2024\/06\/img_4067-1024x768.jpg\" class=\"wp-image-831\" srcset=\"http:\/\/wordpress.solinger-vogelpark.de\/wp-content\/uploads\/2024\/06\/img_4067-1024x768.jpg 1024w, http:\/\/wordpress.solinger-vogelpark.de\/wp-content\/uploads\/2024\/06\/img_4067-300x225.jpg 300w, http:\/\/wordpress.solinger-vogelpark.de\/wp-content\/uploads\/2024\/06\/img_4067-768x576.jpg 768w, http:\/\/wordpress.solinger-vogelpark.de\/wp-content\/uploads\/2024\/06\/img_4067-1536x1152.jpg 1536w, http:\/\/wordpress.solinger-vogelpark.de\/wp-content\/uploads\/2024\/06\/img_4067.jpg 2000w\" sizes=\"auto, (max-width: 1024px) 100vw, 1024px\" \/><\/figure>\n","protected":false},"excerpt":{"rendered":"<p>Neues Zuhause f\u00fcr die Schneeeulen Heute konnten wir die neue Schneeeulenanlage durch den Solinger OB Tim Kurzbach und Bezirksb\u00fcrgermeisterin Gundi H\u00fcbel er\u00f6ffnen. Erm\u00f6glicht wurde der &hellip; <\/p>\n","protected":false},"author":1,"featured_media":834,"comment_status":"closed","ping_status":"closed","sticky":false,"template":"","format":"standard","meta":{"footnotes":""},"categories":[4],"tags":[],"class_list":["post-832","post","type-post","status-publish","format-standard","has-post-thumbnail","hentry","category-aktuelles"],"_links":{"self":[{"href":"http:\/\/wordpress.solinger-vogelpark.de\/index.php?rest_route=\/wp\/v2\/posts\/832","targetHints":{"allow":["GET"]}}],"collection":[{"href":"http:\/\/wordpress.solinger-vogelpark.de\/index.php?rest_route=\/wp\/v2\/posts"}],"about":[{"href":"http:\/\/wordpress.solinger-vogelpark.de\/index.php?rest_route=\/wp\/v2\/types\/post"}],"author":[{"embeddable":true,"href":"http:\/\/wordpress.solinger-vogelpark.de\/index.php?rest_route=\/wp\/v2\/users\/1"}],"replies":[{"embeddable":true,"href":"http:\/\/wordpress.solinger-vogelpark.de\/index.php?rest_route=%2Fwp%2Fv2%2Fcomments&post=832"}],"version-history":[{"count":1,"href":"http:\/\/wordpress.solinger-vogelpark.de\/index.php?rest_route=\/wp\/v2\/posts\/832\/revisions"}],"predecessor-version":[{"id":833,"href":"http:\/\/wordpress.solinger-vogelpark.de\/index.php?rest_route=\/wp\/v2\/posts\/832\/revisions\/833"}],"wp:featuredmedia":[{"embeddable":true,"href":"http:\/\/wordpress.solinger-vogelpark.de\/index.php?rest_route=\/wp\/v2\/media\/834"}],"wp:attachment":[{"href":"http:\/\/wordpress.solinger-vogelpark.de\/index.php?rest_route=%2Fwp%2Fv2%2Fmedia&parent=832"}],"wp:term":[{"taxonomy":"category","embeddable":true,"href":"http:\/\/wordpress.solinger-vogelpark.de\/index.php?rest_route=%2Fwp%2Fv2%2Fcategories&post=832"},{"taxonomy":"post_tag","embeddable":true,"href":"http:\/\/wordpress.solinger-vogelpark.de\/index.php?rest_route=%2Fwp%2Fv2%2Ftags&post=832"}],"curies":[{"name":"wp","href":"https:\/\/api.w.org\/{rel}","templated":true}]}}