{"id":643,"date":"2022-08-23T13:37:34","date_gmt":"2022-08-23T13:37:34","guid":{"rendered":"http:\/\/wordpress.solinger-vogelpark.de\/?p=643"},"modified":"2022-08-23T14:12:57","modified_gmt":"2022-08-23T14:12:57","slug":"20-08-2022-entscheidungen-die-getroffen-werden-muessen","status":"publish","type":"post","link":"http:\/\/wordpress.solinger-vogelpark.de\/?p=643","title":{"rendered":"20.08.2022 Entscheidungen die getroffen werden m\u00fcssen."},"content":{"rendered":"<p>Im letzten Jahr konnten wir sehen wie unser Serval Kater Ferdinand immer \u00e4lter wurde.<\/p>\n<p>Die meiste Zeit ging es ihm sehr gut, es gab aber auch immer Tage an den wir ahnten, lang werden wir Ihn nicht mehr haben. Am 17.08.2022 war es dann leider soweit. In den letzten Tagen sah man ihm schon an das er nicht mehr so mobil war wie davor, schlecht gefressen hat und immer weiter abbaute. Wenn man wei\u00df dass ein Tier alt wird oder krank ist, bekommt es noch mehr Aufmerksamkeit als sonst. Also haben wir morgens immer direkt nach ihm geschaut.<\/p>\n<p>Leider war es an diesem Morgen kein sch\u00f6nes Bild, Ferdi wollte nicht mehr. So schwer wie einem das selbst f\u00e4llt, er hat es so entschieden. Wir konnten ihm nur auf seinem letzten Weg zur Seite stehen.<\/p>\n<p>Da blieb uns nur noch, den Tierarzt informieren, um ihn nicht leiden zu lassen. Er schien zu wissen was jetzt passiert. Ferdinand war immer sehr freundlich zu uns, aber anfassen lassen wollte er sich nie. Was v\u00f6llig in Ordnung war. An dem Tag war es anders, nat\u00fcrlich zogen wir dicke Handschuhe an, man wei\u00df es ja nie. Aber er lie\u00df sich alles ganz ruhig gefallen und ist in unserem Beisein friedlich eingeschlafen.<\/p>\n<p>Nala merkt man sehr an, dass sie den alten Zausel sucht. Damit das nicht zu lange so bleibt, haben wir bereits seit einiger Zeit nach einem neuen Kater gesucht und zum Gl\u00fcck auch gefunden. Dieser durfte bei seinem derzeitigen Besitzer bleiben, solange es unserem Ferdinand noch gut ging. In den n\u00e4chsten 14 Tagen wird er bei uns einziehen und die Beiden k\u00f6nnen sich dann erst mal in aller Ruhe kennenlernen. Wir hoffen sehr das er f\u00fcr Nala ein genauso guter Partner wird wie Ferdi es war. Hoffentlich wird er seinen Platz einnehmen, auch wenn er Ferdi nie ersetzten kann.<\/p>\n<p>Wir werden immer von dir erz\u00e4hlen denn im Herzen lebst du weiter! Mach&#8217;s gut Ferdinand!<\/p>\n<p>Das Team vom Vogelpark<\/p>\n","protected":false},"excerpt":{"rendered":"<p>Im letzten Jahr konnten wir sehen wie unser Serval Kater Ferdinand immer \u00e4lter wurde. Die meiste Zeit ging es ihm sehr gut, es gab aber &hellip; <\/p>\n","protected":false},"author":1,"featured_media":646,"comment_status":"closed","ping_status":"closed","sticky":false,"template":"","format":"standard","meta":{"footnotes":""},"categories":[1],"tags":[],"class_list":["post-643","post","type-post","status-publish","format-standard","has-post-thumbnail","hentry","category-uncategorized"],"_links":{"self":[{"href":"http:\/\/wordpress.solinger-vogelpark.de\/index.php?rest_route=\/wp\/v2\/posts\/643","targetHints":{"allow":["GET"]}}],"collection":[{"href":"http:\/\/wordpress.solinger-vogelpark.de\/index.php?rest_route=\/wp\/v2\/posts"}],"about":[{"href":"http:\/\/wordpress.solinger-vogelpark.de\/index.php?rest_route=\/wp\/v2\/types\/post"}],"author":[{"embeddable":true,"href":"http:\/\/wordpress.solinger-vogelpark.de\/index.php?rest_route=\/wp\/v2\/users\/1"}],"replies":[{"embeddable":true,"href":"http:\/\/wordpress.solinger-vogelpark.de\/index.php?rest_route=%2Fwp%2Fv2%2Fcomments&post=643"}],"version-history":[{"count":1,"href":"http:\/\/wordpress.solinger-vogelpark.de\/index.php?rest_route=\/wp\/v2\/posts\/643\/revisions"}],"predecessor-version":[{"id":644,"href":"http:\/\/wordpress.solinger-vogelpark.de\/index.php?rest_route=\/wp\/v2\/posts\/643\/revisions\/644"}],"wp:featuredmedia":[{"embeddable":true,"href":"http:\/\/wordpress.solinger-vogelpark.de\/index.php?rest_route=\/wp\/v2\/media\/646"}],"wp:attachment":[{"href":"http:\/\/wordpress.solinger-vogelpark.de\/index.php?rest_route=%2Fwp%2Fv2%2Fmedia&parent=643"}],"wp:term":[{"taxonomy":"category","embeddable":true,"href":"http:\/\/wordpress.solinger-vogelpark.de\/index.php?rest_route=%2Fwp%2Fv2%2Fcategories&post=643"},{"taxonomy":"post_tag","embeddable":true,"href":"http:\/\/wordpress.solinger-vogelpark.de\/index.php?rest_route=%2Fwp%2Fv2%2Ftags&post=643"}],"curies":[{"name":"wp","href":"https:\/\/api.w.org\/{rel}","templated":true}]}}