{"id":474,"date":"2020-02-23T21:54:07","date_gmt":"2020-02-23T21:54:07","guid":{"rendered":"http:\/\/wordpress.solinger-vogelpark.de\/?p=474"},"modified":"2020-02-23T21:54:07","modified_gmt":"2020-02-23T21:54:07","slug":"grosszuegige-spende-zum-firmenjuebilaeum","status":"publish","type":"post","link":"http:\/\/wordpress.solinger-vogelpark.de\/?p=474","title":{"rendered":"Gro\u00dfz\u00fcgige Spende zum Firmenj\u00fcbil\u00e4um"},"content":{"rendered":"<h5>Welcher Gemeinn\u00fctzige Verein soll anl\u00e4\u00dflich unseres 60j\u00e4hrigen Betriebsjubil\u00e4um eine Spende erhalten?<\/h5>\n<p>Das fragt die Firma Asche Ischebeck, die am 01.05.2020 60 Jahre alt wird. Wir freuen uns mit der Firma Ischebeck. Alle guten W\u00fcnsche zum Geburtstag!<\/p>\n<p>Unter <strong>folgendem<\/strong> Link kann man f\u00fcr den <strong>Vogelpark<\/strong> abstimmen &#8211; bitte nehmt alle <strong>flei\u00dfig<\/strong> f\u00fcr uns teil! <strong>Dankesch\u00f6n<\/strong>!<\/p>\n<p><a href=\"https:\/\/survey.app.do\/welcher-gemeinnutzige-verein-soll-anlasslich\">https:\/\/survey.app.do\/welcher-gemeinnutzige-verein-soll-anlasslich<\/a><\/p>\n","protected":false},"excerpt":{"rendered":"<p>Welcher Gemeinn\u00fctzige Verein soll anl\u00e4\u00dflich unseres 60j\u00e4hrigen Betriebsjubil\u00e4um eine Spende erhalten? Das fragt die Firma Asche Ischebeck, die am 01.05.2020 60 Jahre alt wird. Wir &hellip; <\/p>\n","protected":false},"author":1,"featured_media":0,"comment_status":"closed","ping_status":"closed","sticky":false,"template":"","format":"standard","meta":{"footnotes":""},"categories":[1],"tags":[],"class_list":["post-474","post","type-post","status-publish","format-standard","hentry","category-uncategorized"],"_links":{"self":[{"href":"http:\/\/wordpress.solinger-vogelpark.de\/index.php?rest_route=\/wp\/v2\/posts\/474","targetHints":{"allow":["GET"]}}],"collection":[{"href":"http:\/\/wordpress.solinger-vogelpark.de\/index.php?rest_route=\/wp\/v2\/posts"}],"about":[{"href":"http:\/\/wordpress.solinger-vogelpark.de\/index.php?rest_route=\/wp\/v2\/types\/post"}],"author":[{"embeddable":true,"href":"http:\/\/wordpress.solinger-vogelpark.de\/index.php?rest_route=\/wp\/v2\/users\/1"}],"replies":[{"embeddable":true,"href":"http:\/\/wordpress.solinger-vogelpark.de\/index.php?rest_route=%2Fwp%2Fv2%2Fcomments&post=474"}],"version-history":[{"count":1,"href":"http:\/\/wordpress.solinger-vogelpark.de\/index.php?rest_route=\/wp\/v2\/posts\/474\/revisions"}],"predecessor-version":[{"id":475,"href":"http:\/\/wordpress.solinger-vogelpark.de\/index.php?rest_route=\/wp\/v2\/posts\/474\/revisions\/475"}],"wp:attachment":[{"href":"http:\/\/wordpress.solinger-vogelpark.de\/index.php?rest_route=%2Fwp%2Fv2%2Fmedia&parent=474"}],"wp:term":[{"taxonomy":"category","embeddable":true,"href":"http:\/\/wordpress.solinger-vogelpark.de\/index.php?rest_route=%2Fwp%2Fv2%2Fcategories&post=474"},{"taxonomy":"post_tag","embeddable":true,"href":"http:\/\/wordpress.solinger-vogelpark.de\/index.php?rest_route=%2Fwp%2Fv2%2Ftags&post=474"}],"curies":[{"name":"wp","href":"https:\/\/api.w.org\/{rel}","templated":true}]}}