{"id":472,"date":"2020-01-08T18:45:37","date_gmt":"2020-01-08T18:45:37","guid":{"rendered":"http:\/\/wordpress.solinger-vogelpark.de\/?p=472"},"modified":"2020-01-08T18:45:38","modified_gmt":"2020-01-08T18:45:38","slug":"08-01-2020-nachwuchs-bei-kamerunschafen-und-thueringer-wald-ziegen","status":"publish","type":"post","link":"http:\/\/wordpress.solinger-vogelpark.de\/?p=472","title":{"rendered":"08.01.2020 Nachwuchs bei Kamerunschafen und Th\u00fcringer Wald-Ziegen"},"content":{"rendered":"<p>Nachwuchs bei den Ziegen und Schafen.<\/p>\n<p>Unser Kamerunschaf Mareike ist wieder Mutter einer kleinen Tochter geworden. Keiner hat damit gerechnet, denn wir haben schon seit einiger Zeit keinen Schafswidder mehr auf der Anlage. Des R\u00e4tsels L\u00f6sung: Unser Th\u00fcringer Wald-Ziegenbock Kevin muss der Vater sein. Mareike hat also die recht seltene Mischung von Schaf und Ziege auch Schiege genannt bekommen.<\/p>\n<p>Doch auch bei den Th\u00fcringer Wald-Ziegen gibt es Nachwuchs am 2. Januar ist ein kleiner Bock geboren worden.<\/p>\n","protected":false},"excerpt":{"rendered":"<p>Nachwuchs bei den Ziegen und Schafen. Unser Kamerunschaf Mareike ist wieder Mutter einer kleinen Tochter geworden. Keiner hat damit gerechnet, denn wir haben schon seit &hellip; <\/p>\n","protected":false},"author":1,"featured_media":471,"comment_status":"closed","ping_status":"closed","sticky":false,"template":"","format":"standard","meta":{"footnotes":""},"categories":[1],"tags":[],"class_list":["post-472","post","type-post","status-publish","format-standard","has-post-thumbnail","hentry","category-uncategorized"],"_links":{"self":[{"href":"http:\/\/wordpress.solinger-vogelpark.de\/index.php?rest_route=\/wp\/v2\/posts\/472","targetHints":{"allow":["GET"]}}],"collection":[{"href":"http:\/\/wordpress.solinger-vogelpark.de\/index.php?rest_route=\/wp\/v2\/posts"}],"about":[{"href":"http:\/\/wordpress.solinger-vogelpark.de\/index.php?rest_route=\/wp\/v2\/types\/post"}],"author":[{"embeddable":true,"href":"http:\/\/wordpress.solinger-vogelpark.de\/index.php?rest_route=\/wp\/v2\/users\/1"}],"replies":[{"embeddable":true,"href":"http:\/\/wordpress.solinger-vogelpark.de\/index.php?rest_route=%2Fwp%2Fv2%2Fcomments&post=472"}],"version-history":[{"count":1,"href":"http:\/\/wordpress.solinger-vogelpark.de\/index.php?rest_route=\/wp\/v2\/posts\/472\/revisions"}],"predecessor-version":[{"id":473,"href":"http:\/\/wordpress.solinger-vogelpark.de\/index.php?rest_route=\/wp\/v2\/posts\/472\/revisions\/473"}],"wp:featuredmedia":[{"embeddable":true,"href":"http:\/\/wordpress.solinger-vogelpark.de\/index.php?rest_route=\/wp\/v2\/media\/471"}],"wp:attachment":[{"href":"http:\/\/wordpress.solinger-vogelpark.de\/index.php?rest_route=%2Fwp%2Fv2%2Fmedia&parent=472"}],"wp:term":[{"taxonomy":"category","embeddable":true,"href":"http:\/\/wordpress.solinger-vogelpark.de\/index.php?rest_route=%2Fwp%2Fv2%2Fcategories&post=472"},{"taxonomy":"post_tag","embeddable":true,"href":"http:\/\/wordpress.solinger-vogelpark.de\/index.php?rest_route=%2Fwp%2Fv2%2Ftags&post=472"}],"curies":[{"name":"wp","href":"https:\/\/api.w.org\/{rel}","templated":true}]}}